{"id":14846,"date":"2025-07-09T13:42:43","date_gmt":"2025-07-09T11:42:43","guid":{"rendered":"https:\/\/www.fibrotubi.com\/non-classifiee\/fibrotubi-srl-avec-progetti-del-cuore-pour-un-service-de-mobilite-gratuite\/"},"modified":"2025-07-14T11:43:25","modified_gmt":"2025-07-14T09:43:25","slug":"fibrotubi-srl-avec-progetti-del-cuore-pour-un-service-de-mobilite-gratuite","status":"publish","type":"post","link":"https:\/\/www.fibrotubi.com\/fr\/news-fr\/fibrotubi-srl-avec-progetti-del-cuore-pour-un-service-de-mobilite-gratuite\/","title":{"rendered":"Fibrotubi Srl avec \u201cProgetti del Cuore\u201d pour un service de mobilit\u00e9 gratuite !"},"content":{"rendered":"\t\t<div data-elementor-type=\"wp-post\" data-elementor-id=\"14846\" class=\"elementor elementor-14846 elementor-14824\" data-elementor-post-type=\"post\">\n\t\t\t\t<div class=\"elementor-element elementor-element-a6e4499 e-flex e-con-boxed e-con e-parent\" data-id=\"a6e4499\" data-element_type=\"container\" data-e-type=\"container\">\n\t\t\t\t\t<div class=\"e-con-inner\">\n\t\t\t\t<div class=\"elementor-element elementor-element-275e28d elementor-widget elementor-widget-text-editor\" data-id=\"275e28d\" data-element_type=\"widget\" data-e-type=\"widget\" data-widget_type=\"text-editor.default\">\n\t\t\t\t<div class=\"elementor-widget-container\">\n\t\t\t\t\t\t\t\t\t<p><span class=\"s8\">Le 2 juillet, \u00e0 la Mairie de Cadelbosco di Sopra (RE), un Fiat Dobl\u00f2 sp\u00e9cialement \u00e9quip\u00e9 a \u00e9t\u00e9 inaugur\u00e9 pour offrir un service de mobilit\u00e9 gratuite aux personnes les plus fragiles.<\/span><\/p>\n<p><span class=\"s8\">Fibrotubi<\/span> <span class=\"s8\">Srl,<\/span> <span class=\"s8\">aux c\u00f4t\u00e9s d\u2019autres entreprises du territoire de l\u2019Union Terre di Mezzo, a contribu\u00e9 \u00e0 cette initiative en finan\u00e7ant le v\u00e9hicule gr\u00e2ce au soutien de son logo d\u2019entreprise.<\/span><\/p>\n<p><span class=\"s8\">Nous sommes toujours aux c\u00f4t\u00e9s de notre communaut\u00e9, car pour nous, chaque petit geste peut faire une grande diff\u00e9rence !<\/span><\/p>\t\t\t\t\t\t\t\t<\/div>\n\t\t\t\t<\/div>\n\t\t\t\t\t<\/div>\n\t\t\t\t<\/div>\n\t\t<div class=\"elementor-element elementor-element-b23294c e-flex e-con-boxed e-con e-parent\" data-id=\"b23294c\" data-element_type=\"container\" data-e-type=\"container\">\n\t\t\t\t\t<div class=\"e-con-inner\">\n\t\t\t\t<div class=\"elementor-element elementor-element-7f539b2 overflow-to-both elementor-widget elementor-widget-rebuilto-image-gallery\" data-id=\"7f539b2\" data-element_type=\"widget\" data-e-type=\"widget\" data-settings=\"{&quot;slides_to_show&quot;:&quot;1&quot;,&quot;swiper_overflow&quot;:&quot;both&quot;,&quot;navigation&quot;:&quot;arrows&quot;,&quot;enable_scrollbar&quot;:&quot;yes&quot;,&quot;autoheight&quot;:&quot;yes&quot;,&quot;spaceBetween&quot;:{&quot;unit&quot;:&quot;px&quot;,&quot;size&quot;:30,&quot;sizes&quot;:[]},&quot;spaceBetween_laptop&quot;:{&quot;unit&quot;:&quot;px&quot;,&quot;size&quot;:&quot;&quot;,&quot;sizes&quot;:[]},&quot;spaceBetween_tablet_extra&quot;:{&quot;unit&quot;:&quot;px&quot;,&quot;size&quot;:&quot;&quot;,&quot;sizes&quot;:[]},&quot;spaceBetween_tablet&quot;:{&quot;unit&quot;:&quot;px&quot;,&quot;size&quot;:&quot;&quot;,&quot;sizes&quot;:[]},&quot;spaceBetween_mobile_extra&quot;:{&quot;unit&quot;:&quot;px&quot;,&quot;size&quot;:&quot;&quot;,&quot;sizes&quot;:[]},&quot;spaceBetween_mobile&quot;:{&quot;unit&quot;:&quot;px&quot;,&quot;size&quot;:&quot;&quot;,&quot;sizes&quot;:[]},&quot;autoplay&quot;:&quot;yes&quot;,&quot;pause_on_hover&quot;:&quot;yes&quot;,&quot;pause_on_interaction&quot;:&quot;yes&quot;,&quot;autoplay_speed&quot;:5000,&quot;infinite&quot;:&quot;yes&quot;,&quot;effect&quot;:&quot;slide&quot;,&quot;speed&quot;:500}\" data-widget_type=\"rebuilto-image-gallery.default\">\n\t\t\t\t<div class=\"elementor-widget-container\">\n\t\t\t\t\t\n        <div class=\"elementor-opal-image-gallery rebuilto-swiper swiper \" dir=\"ltr\">\n                        <div class=\"swiper-wrapper\">\n                                                    <div class=\"grid__item masonry-item__all grid-item swiper-slide gallery_group_0\">\n                                                <a data-elementor-open-lightbox=\"yes\" data-elementor-lightbox-slideshow=\"7f539b2\" data-elementor-lightbox-title=\"6.Immagine\" data-e-action-hash=\"#elementor-action%3Aaction%3Dlightbox%26settings%3DeyJpZCI6MTQ4MzMsInVybCI6Imh0dHBzOlwvXC93d3cuZmlicm90dWJpLmNvbVwvd3AtY29udGVudFwvdXBsb2Fkc1wvNi5JbW1hZ2luZS53ZWJwIiwic2xpZGVzaG93IjoiN2Y1MzliMiJ9\" href=\"https:\/\/www.fibrotubi.com\/wp-content\/uploads\/6.Immagine.webp\">\n                            <img decoding=\"async\" src=\"https:\/\/www.fibrotubi.com\/wp-content\/uploads\/6.Immagine.webp\" alt=\"6.Immagine\"\/>\n                        <\/a>\n                    <\/div>\n                                        <div class=\"grid__item masonry-item__all grid-item swiper-slide gallery_group_0\">\n                                                <a data-elementor-open-lightbox=\"yes\" data-elementor-lightbox-slideshow=\"7f539b2\" data-elementor-lightbox-title=\"8.Immagine\" data-e-action-hash=\"#elementor-action%3Aaction%3Dlightbox%26settings%3DeyJpZCI6MTQ4MzYsInVybCI6Imh0dHBzOlwvXC93d3cuZmlicm90dWJpLmNvbVwvd3AtY29udGVudFwvdXBsb2Fkc1wvOC5JbW1hZ2luZS53ZWJwIiwic2xpZGVzaG93IjoiN2Y1MzliMiJ9\" href=\"https:\/\/www.fibrotubi.com\/wp-content\/uploads\/8.Immagine.webp\">\n                            <img decoding=\"async\" src=\"https:\/\/www.fibrotubi.com\/wp-content\/uploads\/8.Immagine.webp\" alt=\"8.Immagine\"\/>\n                        <\/a>\n                    <\/div>\n                                        <div class=\"grid__item masonry-item__all grid-item swiper-slide gallery_group_0\">\n                                                <a data-elementor-open-lightbox=\"yes\" data-elementor-lightbox-slideshow=\"7f539b2\" data-elementor-lightbox-title=\"2.WhatsApp Image 2025-07-02 at 17.01.11\" data-e-action-hash=\"#elementor-action%3Aaction%3Dlightbox%26settings%3DeyJpZCI6MTQ4MzAsInVybCI6Imh0dHBzOlwvXC93d3cuZmlicm90dWJpLmNvbVwvd3AtY29udGVudFwvdXBsb2Fkc1wvMi5XaGF0c0FwcC1JbWFnZS0yMDI1LTA3LTAyLWF0LTE3LjAxLjExLndlYnAiLCJzbGlkZXNob3ciOiI3ZjUzOWIyIn0%3D\" href=\"https:\/\/www.fibrotubi.com\/wp-content\/uploads\/2.WhatsApp-Image-2025-07-02-at-17.01.11.webp\">\n                            <img decoding=\"async\" src=\"https:\/\/www.fibrotubi.com\/wp-content\/uploads\/2.WhatsApp-Image-2025-07-02-at-17.01.11.webp\" alt=\"2.WhatsApp Image 2025-07-02 at 17.01.11\"\/>\n                        <\/a>\n                    <\/div>\n                                        <div class=\"grid__item masonry-item__all grid-item swiper-slide gallery_group_0\">\n                                                <a data-elementor-open-lightbox=\"yes\" data-elementor-lightbox-slideshow=\"7f539b2\" data-elementor-lightbox-title=\"3. WhatsApp Image 2025-07-02 at 17.01.11 (2)\" data-e-action-hash=\"#elementor-action%3Aaction%3Dlightbox%26settings%3DeyJpZCI6MTQ4MzksInVybCI6Imh0dHBzOlwvXC93d3cuZmlicm90dWJpLmNvbVwvd3AtY29udGVudFwvdXBsb2Fkc1wvMy4tV2hhdHNBcHAtSW1hZ2UtMjAyNS0wNy0wMi1hdC0xNy4wMS4xMS0yLndlYnAiLCJzbGlkZXNob3ciOiI3ZjUzOWIyIn0%3D\" href=\"https:\/\/www.fibrotubi.com\/wp-content\/uploads\/3.-WhatsApp-Image-2025-07-02-at-17.01.11-2.webp\">\n                            <img decoding=\"async\" src=\"https:\/\/www.fibrotubi.com\/wp-content\/uploads\/3.-WhatsApp-Image-2025-07-02-at-17.01.11-2.webp\" alt=\"3. WhatsApp Image 2025-07-02 at 17.01.11 (2)\"\/>\n                        <\/a>\n                    <\/div>\n                                        <\/div>\n                <\/div>\n                    <div class=\"swiper-scrollbar\"><\/div>\n                                <div class=\"elementor-swiper-button elementor-swiper-button-prev\">\n                <i class=\"rebuilto-icon-arrow-left\" aria-hidden=\"true\"><\/i>\n                <span class=\"elementor-screen-only\">Previous<\/span>\n            <\/div>\n            <div class=\"elementor-swiper-button elementor-swiper-button-next\">\n                <i class=\"rebuilto-icon-arrow-right\" aria-hidden=\"true\"><\/i>\n                <span class=\"elementor-screen-only\">Next<\/span>\n            <\/div>\n        \n        \t\t\t\t<\/div>\n\t\t\t\t<\/div>\n\t\t\t\t\t<\/div>\n\t\t\t\t<\/div>\n\t\t\t\t<\/div>\n\t\t","protected":false},"excerpt":{"rendered":"<p>Le 2 juillet, \u00e0 la Mairie de Cadelbosco di Sopra (RE), un Fiat Dobl\u00f2 sp\u00e9cialement \u00e9quip\u00e9 a \u00e9t\u00e9 inaugur\u00e9 pour offrir un service de mobilit\u00e9 gratuite aux personnes les plus fragiles.<br \/>\nFibrotubi Srl, aux c\u00f4t\u00e9s d\u2019autres entreprises du territoire de l\u2019Union Terre di Mezzo, a contribu\u00e9 \u00e0 cette initiative en finan\u00e7ant le v\u00e9hicule gr\u00e2ce au soutien de son logo d\u2019entreprise.<br \/>\nNous sommes toujours aux c\u00f4t\u00e9s de notre communaut\u00e9, car pour nous, chaque petit geste peut faire une grande diff\u00e9rence !<\/p>\n","protected":false},"author":1,"featured_media":14828,"comment_status":"closed","ping_status":"closed","sticky":false,"template":"","format":"standard","meta":{"_acf_changed":false,"footnotes":""},"categories":[252],"tags":[],"class_list":["post-14846","post","type-post","status-publish","format-standard","has-post-thumbnail","hentry","category-news-fr"],"acf":[],"yoast_head":"<!-- This site is optimized with the Yoast SEO plugin v27.1.1 - https:\/\/yoast.com\/product\/yoast-seo-wordpress\/ -->\n<title>Fibrotubi Srl avec \u201cProgetti del Cuore\u201d pour un service de mobilit\u00e9 gratuite !<\/title>\n<meta name=\"description\" content=\"Le 2 juillet, \u00e0 la Mairie de Cadelbosco di Sopra (RE), un Fiat Dobl\u00f2 sp\u00e9cialement \u00e9quip\u00e9 a \u00e9t\u00e9 inaugur\u00e9 pour offrir un service de mobilit\u00e9 gratuite aux personnes les plus fragiles.\" \/>\n<meta name=\"robots\" content=\"index, follow, max-snippet:-1, max-image-preview:large, max-video-preview:-1\" \/>\n<link rel=\"canonical\" href=\"https:\/\/www.fibrotubi.com\/fr\/news-fr\/fibrotubi-srl-avec-progetti-del-cuore-pour-un-service-de-mobilite-gratuite\/\" \/>\n<meta property=\"og:locale\" content=\"fr_FR\" \/>\n<meta property=\"og:type\" content=\"article\" \/>\n<meta property=\"og:title\" content=\"Fibrotubi Srl avec \u201cProgetti del Cuore\u201d pour un service de mobilit\u00e9 gratuite !\" \/>\n<meta property=\"og:description\" content=\"Le 2 juillet, \u00e0 la Mairie de Cadelbosco di Sopra (RE), un Fiat Dobl\u00f2 sp\u00e9cialement \u00e9quip\u00e9 a \u00e9t\u00e9 inaugur\u00e9 pour offrir un service de mobilit\u00e9 gratuite aux personnes les plus fragiles.\" \/>\n<meta property=\"og:url\" content=\"https:\/\/www.fibrotubi.com\/fr\/news-fr\/fibrotubi-srl-avec-progetti-del-cuore-pour-un-service-de-mobilite-gratuite\/\" \/>\n<meta property=\"og:site_name\" content=\"Fibrotubi\" \/>\n<meta property=\"article:publisher\" content=\"https:\/\/www.facebook.com\/fibrotubi\/\" \/>\n<meta property=\"article:published_time\" content=\"2025-07-09T11:42:43+00:00\" \/>\n<meta property=\"article:modified_time\" content=\"2025-07-14T09:43:25+00:00\" \/>\n<meta property=\"og:image\" content=\"https:\/\/www.fibrotubi.com\/wp-content\/uploads\/1.-Progetti-del-Cuore-Foto-pulmino-con-logo-Fbro_02-07-25.webp\" \/>\n\t<meta property=\"og:image:width\" content=\"1500\" \/>\n\t<meta property=\"og:image:height\" content=\"802\" \/>\n\t<meta property=\"og:image:type\" content=\"image\/webp\" \/>\n<meta name=\"author\" content=\"admin\" \/>\n<meta name=\"twitter:card\" content=\"summary_large_image\" \/>\n<meta name=\"twitter:label1\" content=\"\u00c9crit par\" \/>\n\t<meta name=\"twitter:data1\" content=\"admin\" \/>\n<script type=\"application\/ld+json\" class=\"yoast-schema-graph\">{\"@context\":\"https:\/\/schema.org\",\"@graph\":[{\"@type\":\"Article\",\"@id\":\"https:\/\/www.fibrotubi.com\/fr\/news-fr\/fibrotubi-srl-avec-progetti-del-cuore-pour-un-service-de-mobilite-gratuite\/#article\",\"isPartOf\":{\"@id\":\"https:\/\/www.fibrotubi.com\/fr\/news-fr\/fibrotubi-srl-avec-progetti-del-cuore-pour-un-service-de-mobilite-gratuite\/\"},\"author\":{\"name\":\"admin\",\"@id\":\"https:\/\/www.fibrotubi.com\/fr\/#\/schema\/person\/594e81db3e2a594cd1ec44e422b3ecb4\"},\"headline\":\"Fibrotubi Srl avec \u201cProgetti del Cuore\u201d pour un service de mobilit\u00e9 gratuite !\",\"datePublished\":\"2025-07-09T11:42:43+00:00\",\"dateModified\":\"2025-07-14T09:43:25+00:00\",\"mainEntityOfPage\":{\"@id\":\"https:\/\/www.fibrotubi.com\/fr\/news-fr\/fibrotubi-srl-avec-progetti-del-cuore-pour-un-service-de-mobilite-gratuite\/\"},\"wordCount\":102,\"publisher\":{\"@id\":\"https:\/\/www.fibrotubi.com\/fr\/#organization\"},\"image\":{\"@id\":\"https:\/\/www.fibrotubi.com\/fr\/news-fr\/fibrotubi-srl-avec-progetti-del-cuore-pour-un-service-de-mobilite-gratuite\/#primaryimage\"},\"thumbnailUrl\":\"https:\/\/www.fibrotubi.com\/wp-content\/uploads\/1.-Progetti-del-Cuore-Foto-pulmino-con-logo-Fbro_02-07-25.webp\",\"articleSection\":[\"News\"],\"inLanguage\":\"fr-FR\"},{\"@type\":\"WebPage\",\"@id\":\"https:\/\/www.fibrotubi.com\/fr\/news-fr\/fibrotubi-srl-avec-progetti-del-cuore-pour-un-service-de-mobilite-gratuite\/\",\"url\":\"https:\/\/www.fibrotubi.com\/fr\/news-fr\/fibrotubi-srl-avec-progetti-del-cuore-pour-un-service-de-mobilite-gratuite\/\",\"name\":\"Fibrotubi Srl avec \u201cProgetti del Cuore\u201d pour un service de mobilit\u00e9 gratuite !\",\"isPartOf\":{\"@id\":\"https:\/\/www.fibrotubi.com\/fr\/#website\"},\"primaryImageOfPage\":{\"@id\":\"https:\/\/www.fibrotubi.com\/fr\/news-fr\/fibrotubi-srl-avec-progetti-del-cuore-pour-un-service-de-mobilite-gratuite\/#primaryimage\"},\"image\":{\"@id\":\"https:\/\/www.fibrotubi.com\/fr\/news-fr\/fibrotubi-srl-avec-progetti-del-cuore-pour-un-service-de-mobilite-gratuite\/#primaryimage\"},\"thumbnailUrl\":\"https:\/\/www.fibrotubi.com\/wp-content\/uploads\/1.-Progetti-del-Cuore-Foto-pulmino-con-logo-Fbro_02-07-25.webp\",\"datePublished\":\"2025-07-09T11:42:43+00:00\",\"dateModified\":\"2025-07-14T09:43:25+00:00\",\"description\":\"Le 2 juillet, \u00e0 la Mairie de Cadelbosco di Sopra (RE), un Fiat Dobl\u00f2 sp\u00e9cialement \u00e9quip\u00e9 a \u00e9t\u00e9 inaugur\u00e9 pour offrir un service de mobilit\u00e9 gratuite aux personnes les plus fragiles.\",\"breadcrumb\":{\"@id\":\"https:\/\/www.fibrotubi.com\/fr\/news-fr\/fibrotubi-srl-avec-progetti-del-cuore-pour-un-service-de-mobilite-gratuite\/#breadcrumb\"},\"inLanguage\":\"fr-FR\",\"potentialAction\":[{\"@type\":\"ReadAction\",\"target\":[\"https:\/\/www.fibrotubi.com\/fr\/news-fr\/fibrotubi-srl-avec-progetti-del-cuore-pour-un-service-de-mobilite-gratuite\/\"]}]},{\"@type\":\"ImageObject\",\"inLanguage\":\"fr-FR\",\"@id\":\"https:\/\/www.fibrotubi.com\/fr\/news-fr\/fibrotubi-srl-avec-progetti-del-cuore-pour-un-service-de-mobilite-gratuite\/#primaryimage\",\"url\":\"https:\/\/www.fibrotubi.com\/wp-content\/uploads\/1.-Progetti-del-Cuore-Foto-pulmino-con-logo-Fbro_02-07-25.webp\",\"contentUrl\":\"https:\/\/www.fibrotubi.com\/wp-content\/uploads\/1.-Progetti-del-Cuore-Foto-pulmino-con-logo-Fbro_02-07-25.webp\",\"width\":1500,\"height\":802},{\"@type\":\"BreadcrumbList\",\"@id\":\"https:\/\/www.fibrotubi.com\/fr\/news-fr\/fibrotubi-srl-avec-progetti-del-cuore-pour-un-service-de-mobilite-gratuite\/#breadcrumb\",\"itemListElement\":[{\"@type\":\"ListItem\",\"position\":1,\"name\":\"Home\",\"item\":\"https:\/\/www.fibrotubi.com\/fr\/\"},{\"@type\":\"ListItem\",\"position\":2,\"name\":\"Fibrotubi Srl avec \u201cProgetti del Cuore\u201d pour un service de mobilit\u00e9 gratuite !\"}]},{\"@type\":\"WebSite\",\"@id\":\"https:\/\/www.fibrotubi.com\/fr\/#website\",\"url\":\"https:\/\/www.fibrotubi.com\/fr\/\",\"name\":\"Fibrotubi SRL\",\"description\":\"Prodotti per Edilizia Civile e Industriale\",\"publisher\":{\"@id\":\"https:\/\/www.fibrotubi.com\/fr\/#organization\"},\"potentialAction\":[{\"@type\":\"SearchAction\",\"target\":{\"@type\":\"EntryPoint\",\"urlTemplate\":\"https:\/\/www.fibrotubi.com\/fr\/?s={search_term_string}\"},\"query-input\":{\"@type\":\"PropertyValueSpecification\",\"valueRequired\":true,\"valueName\":\"search_term_string\"}}],\"inLanguage\":\"fr-FR\"},{\"@type\":\"Organization\",\"@id\":\"https:\/\/www.fibrotubi.com\/fr\/#organization\",\"name\":\"Fibrotubi\",\"url\":\"https:\/\/www.fibrotubi.com\/fr\/\",\"logo\":{\"@type\":\"ImageObject\",\"inLanguage\":\"fr-FR\",\"@id\":\"https:\/\/www.fibrotubi.com\/fr\/#\/schema\/logo\/image\/\",\"url\":\"https:\/\/www.fibrotubi.com\/wp-content\/uploads\/2024\/12\/Logo-Fibrotubi-blu-scuro.png\",\"contentUrl\":\"https:\/\/www.fibrotubi.com\/wp-content\/uploads\/2024\/12\/Logo-Fibrotubi-blu-scuro.png\",\"width\":1000,\"height\":151,\"caption\":\"Fibrotubi\"},\"image\":{\"@id\":\"https:\/\/www.fibrotubi.com\/fr\/#\/schema\/logo\/image\/\"},\"sameAs\":[\"https:\/\/www.facebook.com\/fibrotubi\/\",\"https:\/\/www.instagram.com\/fibrotubi\/\",\"https:\/\/www.youtube.com\/user\/FibrotubiSRL\",\"https:\/\/www.linkedin.com\/company\/fibrotubi\/\"]},{\"@type\":\"Person\",\"@id\":\"https:\/\/www.fibrotubi.com\/fr\/#\/schema\/person\/594e81db3e2a594cd1ec44e422b3ecb4\",\"name\":\"admin\",\"image\":{\"@type\":\"ImageObject\",\"inLanguage\":\"fr-FR\",\"@id\":\"https:\/\/www.fibrotubi.com\/fr\/#\/schema\/person\/image\/\",\"url\":\"https:\/\/secure.gravatar.com\/avatar\/03ad3ca87ce2d67f52ab5f3a72ba683aea8a8469cee6e9bb725eaba9e75e04a9?s=96&d=mm&r=g\",\"contentUrl\":\"https:\/\/secure.gravatar.com\/avatar\/03ad3ca87ce2d67f52ab5f3a72ba683aea8a8469cee6e9bb725eaba9e75e04a9?s=96&d=mm&r=g\",\"caption\":\"admin\"},\"sameAs\":[\"https:\/\/www.fibrotubi.com\"]}]}<\/script>\n<!-- \/ Yoast SEO plugin. -->","yoast_head_json":{"title":"Fibrotubi Srl avec \u201cProgetti del Cuore\u201d pour un service de mobilit\u00e9 gratuite !","description":"Le 2 juillet, \u00e0 la Mairie de Cadelbosco di Sopra (RE), un Fiat Dobl\u00f2 sp\u00e9cialement \u00e9quip\u00e9 a \u00e9t\u00e9 inaugur\u00e9 pour offrir un service de mobilit\u00e9 gratuite aux personnes les plus fragiles.","robots":{"index":"index","follow":"follow","max-snippet":"max-snippet:-1","max-image-preview":"max-image-preview:large","max-video-preview":"max-video-preview:-1"},"canonical":"https:\/\/www.fibrotubi.com\/fr\/news-fr\/fibrotubi-srl-avec-progetti-del-cuore-pour-un-service-de-mobilite-gratuite\/","og_locale":"fr_FR","og_type":"article","og_title":"Fibrotubi Srl avec \u201cProgetti del Cuore\u201d pour un service de mobilit\u00e9 gratuite !","og_description":"Le 2 juillet, \u00e0 la Mairie de Cadelbosco di Sopra (RE), un Fiat Dobl\u00f2 sp\u00e9cialement \u00e9quip\u00e9 a \u00e9t\u00e9 inaugur\u00e9 pour offrir un service de mobilit\u00e9 gratuite aux personnes les plus fragiles.","og_url":"https:\/\/www.fibrotubi.com\/fr\/news-fr\/fibrotubi-srl-avec-progetti-del-cuore-pour-un-service-de-mobilite-gratuite\/","og_site_name":"Fibrotubi","article_publisher":"https:\/\/www.facebook.com\/fibrotubi\/","article_published_time":"2025-07-09T11:42:43+00:00","article_modified_time":"2025-07-14T09:43:25+00:00","og_image":[{"width":1500,"height":802,"url":"https:\/\/www.fibrotubi.com\/wp-content\/uploads\/1.-Progetti-del-Cuore-Foto-pulmino-con-logo-Fbro_02-07-25.webp","type":"image\/webp"}],"author":"admin","twitter_card":"summary_large_image","twitter_misc":{"\u00c9crit par":"admin"},"schema":{"@context":"https:\/\/schema.org","@graph":[{"@type":"Article","@id":"https:\/\/www.fibrotubi.com\/fr\/news-fr\/fibrotubi-srl-avec-progetti-del-cuore-pour-un-service-de-mobilite-gratuite\/#article","isPartOf":{"@id":"https:\/\/www.fibrotubi.com\/fr\/news-fr\/fibrotubi-srl-avec-progetti-del-cuore-pour-un-service-de-mobilite-gratuite\/"},"author":{"name":"admin","@id":"https:\/\/www.fibrotubi.com\/fr\/#\/schema\/person\/594e81db3e2a594cd1ec44e422b3ecb4"},"headline":"Fibrotubi Srl avec \u201cProgetti del Cuore\u201d pour un service de mobilit\u00e9 gratuite !","datePublished":"2025-07-09T11:42:43+00:00","dateModified":"2025-07-14T09:43:25+00:00","mainEntityOfPage":{"@id":"https:\/\/www.fibrotubi.com\/fr\/news-fr\/fibrotubi-srl-avec-progetti-del-cuore-pour-un-service-de-mobilite-gratuite\/"},"wordCount":102,"publisher":{"@id":"https:\/\/www.fibrotubi.com\/fr\/#organization"},"image":{"@id":"https:\/\/www.fibrotubi.com\/fr\/news-fr\/fibrotubi-srl-avec-progetti-del-cuore-pour-un-service-de-mobilite-gratuite\/#primaryimage"},"thumbnailUrl":"https:\/\/www.fibrotubi.com\/wp-content\/uploads\/1.-Progetti-del-Cuore-Foto-pulmino-con-logo-Fbro_02-07-25.webp","articleSection":["News"],"inLanguage":"fr-FR"},{"@type":"WebPage","@id":"https:\/\/www.fibrotubi.com\/fr\/news-fr\/fibrotubi-srl-avec-progetti-del-cuore-pour-un-service-de-mobilite-gratuite\/","url":"https:\/\/www.fibrotubi.com\/fr\/news-fr\/fibrotubi-srl-avec-progetti-del-cuore-pour-un-service-de-mobilite-gratuite\/","name":"Fibrotubi Srl avec \u201cProgetti del Cuore\u201d pour un service de mobilit\u00e9 gratuite !","isPartOf":{"@id":"https:\/\/www.fibrotubi.com\/fr\/#website"},"primaryImageOfPage":{"@id":"https:\/\/www.fibrotubi.com\/fr\/news-fr\/fibrotubi-srl-avec-progetti-del-cuore-pour-un-service-de-mobilite-gratuite\/#primaryimage"},"image":{"@id":"https:\/\/www.fibrotubi.com\/fr\/news-fr\/fibrotubi-srl-avec-progetti-del-cuore-pour-un-service-de-mobilite-gratuite\/#primaryimage"},"thumbnailUrl":"https:\/\/www.fibrotubi.com\/wp-content\/uploads\/1.-Progetti-del-Cuore-Foto-pulmino-con-logo-Fbro_02-07-25.webp","datePublished":"2025-07-09T11:42:43+00:00","dateModified":"2025-07-14T09:43:25+00:00","description":"Le 2 juillet, \u00e0 la Mairie de Cadelbosco di Sopra (RE), un Fiat Dobl\u00f2 sp\u00e9cialement \u00e9quip\u00e9 a \u00e9t\u00e9 inaugur\u00e9 pour offrir un service de mobilit\u00e9 gratuite aux personnes les plus fragiles.","breadcrumb":{"@id":"https:\/\/www.fibrotubi.com\/fr\/news-fr\/fibrotubi-srl-avec-progetti-del-cuore-pour-un-service-de-mobilite-gratuite\/#breadcrumb"},"inLanguage":"fr-FR","potentialAction":[{"@type":"ReadAction","target":["https:\/\/www.fibrotubi.com\/fr\/news-fr\/fibrotubi-srl-avec-progetti-del-cuore-pour-un-service-de-mobilite-gratuite\/"]}]},{"@type":"ImageObject","inLanguage":"fr-FR","@id":"https:\/\/www.fibrotubi.com\/fr\/news-fr\/fibrotubi-srl-avec-progetti-del-cuore-pour-un-service-de-mobilite-gratuite\/#primaryimage","url":"https:\/\/www.fibrotubi.com\/wp-content\/uploads\/1.-Progetti-del-Cuore-Foto-pulmino-con-logo-Fbro_02-07-25.webp","contentUrl":"https:\/\/www.fibrotubi.com\/wp-content\/uploads\/1.-Progetti-del-Cuore-Foto-pulmino-con-logo-Fbro_02-07-25.webp","width":1500,"height":802},{"@type":"BreadcrumbList","@id":"https:\/\/www.fibrotubi.com\/fr\/news-fr\/fibrotubi-srl-avec-progetti-del-cuore-pour-un-service-de-mobilite-gratuite\/#breadcrumb","itemListElement":[{"@type":"ListItem","position":1,"name":"Home","item":"https:\/\/www.fibrotubi.com\/fr\/"},{"@type":"ListItem","position":2,"name":"Fibrotubi Srl avec \u201cProgetti del Cuore\u201d pour un service de mobilit\u00e9 gratuite !"}]},{"@type":"WebSite","@id":"https:\/\/www.fibrotubi.com\/fr\/#website","url":"https:\/\/www.fibrotubi.com\/fr\/","name":"Fibrotubi SRL","description":"Prodotti per Edilizia Civile e Industriale","publisher":{"@id":"https:\/\/www.fibrotubi.com\/fr\/#organization"},"potentialAction":[{"@type":"SearchAction","target":{"@type":"EntryPoint","urlTemplate":"https:\/\/www.fibrotubi.com\/fr\/?s={search_term_string}"},"query-input":{"@type":"PropertyValueSpecification","valueRequired":true,"valueName":"search_term_string"}}],"inLanguage":"fr-FR"},{"@type":"Organization","@id":"https:\/\/www.fibrotubi.com\/fr\/#organization","name":"Fibrotubi","url":"https:\/\/www.fibrotubi.com\/fr\/","logo":{"@type":"ImageObject","inLanguage":"fr-FR","@id":"https:\/\/www.fibrotubi.com\/fr\/#\/schema\/logo\/image\/","url":"https:\/\/www.fibrotubi.com\/wp-content\/uploads\/2024\/12\/Logo-Fibrotubi-blu-scuro.png","contentUrl":"https:\/\/www.fibrotubi.com\/wp-content\/uploads\/2024\/12\/Logo-Fibrotubi-blu-scuro.png","width":1000,"height":151,"caption":"Fibrotubi"},"image":{"@id":"https:\/\/www.fibrotubi.com\/fr\/#\/schema\/logo\/image\/"},"sameAs":["https:\/\/www.facebook.com\/fibrotubi\/","https:\/\/www.instagram.com\/fibrotubi\/","https:\/\/www.youtube.com\/user\/FibrotubiSRL","https:\/\/www.linkedin.com\/company\/fibrotubi\/"]},{"@type":"Person","@id":"https:\/\/www.fibrotubi.com\/fr\/#\/schema\/person\/594e81db3e2a594cd1ec44e422b3ecb4","name":"admin","image":{"@type":"ImageObject","inLanguage":"fr-FR","@id":"https:\/\/www.fibrotubi.com\/fr\/#\/schema\/person\/image\/","url":"https:\/\/secure.gravatar.com\/avatar\/03ad3ca87ce2d67f52ab5f3a72ba683aea8a8469cee6e9bb725eaba9e75e04a9?s=96&d=mm&r=g","contentUrl":"https:\/\/secure.gravatar.com\/avatar\/03ad3ca87ce2d67f52ab5f3a72ba683aea8a8469cee6e9bb725eaba9e75e04a9?s=96&d=mm&r=g","caption":"admin"},"sameAs":["https:\/\/www.fibrotubi.com"]}]}},"_links":{"self":[{"href":"https:\/\/www.fibrotubi.com\/fr\/wp-json\/wp\/v2\/posts\/14846","targetHints":{"allow":["GET"]}}],"collection":[{"href":"https:\/\/www.fibrotubi.com\/fr\/wp-json\/wp\/v2\/posts"}],"about":[{"href":"https:\/\/www.fibrotubi.com\/fr\/wp-json\/wp\/v2\/types\/post"}],"author":[{"embeddable":true,"href":"https:\/\/www.fibrotubi.com\/fr\/wp-json\/wp\/v2\/users\/1"}],"replies":[{"embeddable":true,"href":"https:\/\/www.fibrotubi.com\/fr\/wp-json\/wp\/v2\/comments?post=14846"}],"version-history":[{"count":1,"href":"https:\/\/www.fibrotubi.com\/fr\/wp-json\/wp\/v2\/posts\/14846\/revisions"}],"predecessor-version":[{"id":14847,"href":"https:\/\/www.fibrotubi.com\/fr\/wp-json\/wp\/v2\/posts\/14846\/revisions\/14847"}],"wp:featuredmedia":[{"embeddable":true,"href":"https:\/\/www.fibrotubi.com\/fr\/wp-json\/wp\/v2\/media\/14828"}],"wp:attachment":[{"href":"https:\/\/www.fibrotubi.com\/fr\/wp-json\/wp\/v2\/media?parent=14846"}],"wp:term":[{"taxonomy":"category","embeddable":true,"href":"https:\/\/www.fibrotubi.com\/fr\/wp-json\/wp\/v2\/categories?post=14846"},{"taxonomy":"post_tag","embeddable":true,"href":"https:\/\/www.fibrotubi.com\/fr\/wp-json\/wp\/v2\/tags?post=14846"}],"curies":[{"name":"wp","href":"https:\/\/api.w.org\/{rel}","templated":true}]}}